{"id":29,"date":"2018-09-06T13:54:05","date_gmt":"2018-09-06T13:54:05","guid":{"rendered":"http:\/\/nikolarichard.de\/?p=29"},"modified":"2023-10-02T10:56:32","modified_gmt":"2023-10-02T10:56:32","slug":"vita","status":"publish","type":"post","link":"https:\/\/nikolarichard.de\/?p=29","title":{"rendered":"Vita"},"content":{"rendered":"<p>&nbsp;<\/p>\n<p>geboren in Leipzig<br \/>\nVorstudium Hochschule f\u00fcr Grafik und Buchkunst Leipzig HfGB<br \/>\nStudium Freie Kunst Universit\u00e4t der K\u00fcnste Berlin UdK<br \/>\nErasmusstipendium, Studienaufenthalt Rotterdam<br \/>\nMeistersch\u00fclerin an der\u00a0Hochschule der K\u00fcnste Berlin UdK<br \/>\nLeiterin der Jugendkunstschule Mitte bis 2018<br \/>\nverschiedene Lehrt\u00e4tigkeiten<br \/>\nK\u00fcnstlerin in Berlin<\/p>\n<p>GASAG Kunstpreis<\/p>\n<p><strong>Ausstellungen<\/strong><\/p>\n<p>Berlin Art Week 13. &#8211; 17. September 2023 vertreten durch R Gallery aus Malta im Mahalla Berlin, Gallery Weekend Berlin 26. &#8211; 30.4.2023 &#8222;VIBRATION&#8220; im MaHalla Berlin mit Bettina Semmer, Marc Jordi und XOOOX, 26.2. &#8211; 31.5.2023 &#8222;Farbrausch&#8220; Galerie Palmstr\u00f6m Leipzig (Einzelausstellung), 30.10. &#8211; 25.11.2023 &#8222;Transformation&#8220; im Kunstverein Offenbach mit dem Bildhauer Stefan Dornbusch, 10.20222 BAAM#3 by Monopol, 8.2021 Direkte Auktion II &#8222;Fahrbereitschaft \/ Slg. Haubrok&#8220; Berlin (G) und &#8222;Monopol&#8220; Berlin (G), Direkte Auktion Galerie &#8222;Die ganze Freiheit&#8220; (G), &#8222;Common Ground&#8220; Adria Berlin (G), Galerie Palmstr\u00f6m Leipzig (G), KEP WerkSchau (G), Bar Babette, &#8222;The 7th Sense&#8220; (G), Projektspace K\u00fchnemannstra\u00dfe (G), Galerie Palmstr\u00f6m Leipzig (G), &#8222;The Flying Field&#8220; Berlin (G), Galerie Himmelpfort Berlin (E), Galerie &#8222;Tramh\u00fcslie Rehalp&#8220; Hausser&amp;Hofmann Z\u00fcrich (G), &#8222;Das junge Museum&#8220;, St\u00e4dtische Galerie Bottrop (G), Semjon Contemporary &#8222;Lieber K\u00fcnstler zeichne mir&#8230;&#8220; Zeichnungen (G), Galerie Semmer, &#8222;Kindheitsmuster&#8220; (G), &#8222;Rampe&#8220;, Parkhaus Berlin-Mitte (G), &#8222;L&#8220;, Galerie &#8222;Wei\u00dfer Elefant&#8220; Kommunale Galerie Mitte (E), &#8222;gegenstandslos&#8220;, Gesellschaft f\u00fcr Kunst &amp; Gestaltung Bonn (G), &#8222;Transit Abstrakt&#8220;, Henselmannturm Berlin, (G), &#8222;Eine Leipziger K\u00fcnstlerfamilie&#8220;; Kunsthaus Leipzig, Wandmalerei, Galerie Wei\u00dfenseer Freitag (E), GASAG Sammlung, Schellhaus Berlin, GASAG Kunstpreis, Kunstverein Gelsenkirchen (G), Kleine Orangerie Schloss Charlottenburg (G)<\/p>\n<p>&nbsp;<\/p>\n<p>&nbsp;<\/p>\n<p>&nbsp;<\/p>\n","protected":false},"excerpt":{"rendered":"<p>&nbsp; geboren in Leipzig Vorstudium Hochschule f\u00fcr Grafik und Buchkunst Leipzig HfGB Studium Freie Kunst Universit\u00e4t der K\u00fcnste Berlin UdK Erasmusstipendium, Studienaufenthalt Rotterdam Meistersch\u00fclerin an der\u00a0Hochschule der K\u00fcnste Berlin UdK Leiterin der Jugendkunstschule Mitte bis 2018 verschiedene Lehrt\u00e4tigkeiten K\u00fcnstlerin in Berlin GASAG Kunstpreis Ausstellungen Berlin Art Week 13. &#8211; 17. September 2023 vertreten durch R &hellip; <a href=\"https:\/\/nikolarichard.de\/?p=29\" class=\"more-link\"><span class=\"screen-reader-text\">Vita<\/span> weiterlesen<\/a><\/p>\n","protected":false},"author":1,"featured_media":879,"comment_status":"open","ping_status":"open","sticky":false,"template":"","format":"standard","meta":{"footnotes":""},"categories":[14],"tags":[126,135,154,36,74,133,129,113,63,107,141,155,156,142,158,153,157,99,152,94,114,146,145,162,160,137,159,144,161,143],"class_list":["post-29","post","type-post","status-publish","format-standard","has-post-thumbnail","hentry","category-vita","tag-baam","tag-bar-babette","tag-berlin-art-week","tag-d","tag-galerie","tag-galerie-die-ganze-freiheit","tag-galerie-fahrbereitschaft","tag-galerie-palmstroem","tag-galerie-weisser-elefant","tag-gallery-weekend-berlin","tag-gasag-kunstpreis","tag-gegenstandslos","tag-gesellschaft-fuer-kunst-gestaltung-bonn","tag-hochschule-fuer-grafik-und-buchkunst-leipzig-hfgb","tag-kep","tag-kleine-orangerie-schloss-charlottenburg","tag-kommunale-galerien","tag-kuenstlerin","tag-kunstverein-gelsenkirchen","tag-kunstverein-offenbach","tag-leipzig","tag-mahalla-2","tag-meisterschuelerin","tag-monopol-berlin","tag-rgallery-malta","tag-semjon-contemporary","tag-staedtische-galerie-bottrop","tag-studienaufenthalt-rotterdam","tag-tramhueslie-zuerich","tag-universitaet-der-kuenste-berlin-udk"],"_links":{"self":[{"href":"https:\/\/nikolarichard.de\/index.php?rest_route=\/wp\/v2\/posts\/29","targetHints":{"allow":["GET"]}}],"collection":[{"href":"https:\/\/nikolarichard.de\/index.php?rest_route=\/wp\/v2\/posts"}],"about":[{"href":"https:\/\/nikolarichard.de\/index.php?rest_route=\/wp\/v2\/types\/post"}],"author":[{"embeddable":true,"href":"https:\/\/nikolarichard.de\/index.php?rest_route=\/wp\/v2\/users\/1"}],"replies":[{"embeddable":true,"href":"https:\/\/nikolarichard.de\/index.php?rest_route=%2Fwp%2Fv2%2Fcomments&post=29"}],"version-history":[{"count":31,"href":"https:\/\/nikolarichard.de\/index.php?rest_route=\/wp\/v2\/posts\/29\/revisions"}],"predecessor-version":[{"id":941,"href":"https:\/\/nikolarichard.de\/index.php?rest_route=\/wp\/v2\/posts\/29\/revisions\/941"}],"wp:featuredmedia":[{"embeddable":true,"href":"https:\/\/nikolarichard.de\/index.php?rest_route=\/wp\/v2\/media\/879"}],"wp:attachment":[{"href":"https:\/\/nikolarichard.de\/index.php?rest_route=%2Fwp%2Fv2%2Fmedia&parent=29"}],"wp:term":[{"taxonomy":"category","embeddable":true,"href":"https:\/\/nikolarichard.de\/index.php?rest_route=%2Fwp%2Fv2%2Fcategories&post=29"},{"taxonomy":"post_tag","embeddable":true,"href":"https:\/\/nikolarichard.de\/index.php?rest_route=%2Fwp%2Fv2%2Ftags&post=29"}],"curies":[{"name":"wp","href":"https:\/\/api.w.org\/{rel}","templated":true}]}}